[{"@context":"https:\/\/schema.org\/","@type":"Article","@id":"https:\/\/www.al-riso.cz\/uschovna-veci\/#Article","mainEntityOfPage":"https:\/\/www.al-riso.cz\/uschovna-veci\/","headline":"\u00daschovna v\u011bc\u00ed","name":"\u00daschovna v\u011bc\u00ed","description":"Je to u\u017e opravdu hodn\u011b dlouho, kdy mi moje kamar\u00e1dka \u0159ekla, jestli nechci pracovat v zam\u011bstn\u00e1n\u00ed, kde pracuje ona. Moje kamar\u00e1dka u\u017e druh\u00fdm rokem pracovala v \u017eelez\u00e1\u0159stv\u00ed. Abych se p\u0159iznala, tak j\u00e1 sama osobn\u011b jsem si v\u016fbec nedok\u00e1zala p\u0159edstavit, \u017ee j\u00e1 bych n\u011bkdy pracovala v \u017eelez\u00e1\u0159stv\u00ed. J\u00e1 a \u017eelez\u00e1\u0159stv\u00ed? To je podle m\u00e9ho n\u00e1zoru pr\u00e1ce [&hellip;]","datePublished":"2023-12-29","dateModified":"2024-02-05","author":{"@type":"Person","@id":"https:\/\/www.al-riso.cz\/author\/#Person","name":"","url":"https:\/\/www.al-riso.cz\/author\/","identifier":1,"image":{"@type":"ImageObject","@id":"https:\/\/secure.gravatar.com\/avatar\/4e6a74466e4227c12d5306875d08720cdfce3572213740db6f4a2e5e46e710ff?s=96&d=mm&r=g","url":"https:\/\/secure.gravatar.com\/avatar\/4e6a74466e4227c12d5306875d08720cdfce3572213740db6f4a2e5e46e710ff?s=96&d=mm&r=g","height":96,"width":96}},"publisher":{"@type":"Organization","name":"al-riso.cz","logo":{"@type":"ImageObject","@id":"\/logo.png","url":"\/logo.png","width":600,"height":60}},"image":{"@type":"ImageObject","@id":"https:\/\/www.al-riso.cz\/wp-content\/uploads\/container-3525044_1280.jpg","url":"https:\/\/www.al-riso.cz\/wp-content\/uploads\/container-3525044_1280.jpg","height":0,"width":0},"url":"https:\/\/www.al-riso.cz\/uschovna-veci\/","about":["Podnik\u00e1n\u00ed"],"wordCount":398,"articleBody":"   Je to u\u017e opravdu hodn\u011b dlouho, kdy mi moje kamar\u00e1dka \u0159ekla, jestli nechci pracovat v zam\u011bstn\u00e1n\u00ed, kde pracuje ona. Moje kamar\u00e1dka u\u017e druh\u00fdm rokem pracovala v \u017eelez\u00e1\u0159stv\u00ed. Abych se p\u0159iznala, tak j\u00e1 sama osobn\u011b jsem si v\u016fbec nedok\u00e1zala p\u0159edstavit, \u017ee j\u00e1 bych n\u011bkdy pracovala v \u017eelez\u00e1\u0159stv\u00ed. J\u00e1 a \u017eelez\u00e1\u0159stv\u00ed? To je podle m\u00e9ho n\u00e1zoru pr\u00e1ce mu\u017esk\u00e1. V \u017eelez\u00e1\u0159stv\u00ed je to sp\u00ed\u0161e pro mu\u017ee. Samoz\u0159ejm\u011b, \u017ee tohle je jenom takov\u00fd m\u016fj pocit, takov\u00e1 moje domn\u011bnka. A je logick\u00e9, \u017ee v ka\u017ed\u00e9m obchod\u011b m\u016f\u017ee pracovat i \u017eena. Tohle v\u016fbec nen\u00ed nijak omezen\u00e9 a rozli\u0161en\u00e9. Jenom\u017ee moje kamar\u00e1dka mi \u0159ekla, \u017ee kdy\u017e budu pracovat u nich v \u017eelez\u00e1\u0159stv\u00ed, \u017ee bych byla ve skladu a tam pr\u00fd m\u00e1me kontejnery, kter\u00e9 bych \u010distila anebo plnila pr\u00e1v\u011b v\u011bcmi, kter\u00e9 se potom budou prod\u00e1vat a p\u0159ev\u00e1\u017eet d\u00e1l.Kamar\u00e1dka \u0159ekla, \u017ee pot\u0159ebuje tak\u00e9 IBC kontejnery. Moje kamar\u00e1dka tam toti\u017e byla hlavn\u00ed \u0161\u00e9fov\u00e1. Prodej IBC kontejner\u016f https:\/\/www.schoellerallibert.com\/cz\/produkty\/ibc%20kontejnery je nap\u0159\u00edklad na internetu anebo v obchodech. M\u016f\u017eete se pod\u00edvat tak\u00e9 v obchod\u011b a zeptat se na v\u00edce informac\u00ed. A prodej IBC kontejner\u016f je opravdu r\u016fzn\u00fd, m\u016f\u017eete sehnat IBC kontejner opravdu v jak\u00e9koliv velikosti. My pr\u00e1v\u011b v zam\u011bstn\u00e1n\u00ed m\u00e1me dva typy IBC kontejner\u016f. M\u00e1me tam opravdu velik\u00fd IBC kontejner, ale tak\u00e9 potom m\u00e1me takov\u00fd st\u0159edn\u00ed nebo mo\u017en\u00e1 mal\u00fd IBC kontejner. Proto jsem si \u0159ekla, \u017ee je opravdu prima, \u017ee tohle existuje, proto\u017ee mnoho lid\u00ed si alespo\u0148 u\u0161et\u0159\u00ed spoustu \u010dasu a tak\u00e9 m\u00edsta. Proto\u017ee kdy\u017e si n\u011bjak\u00e9 IBC kontejnery, kter\u00e9 si koup\u00edte, d\u00e1te na sebe, tak potom samoz\u0159ejm\u011b tak\u00e9 u\u0161et\u0159\u00edte m\u00edsto. M\u00e1m r\u00e1da takov\u00e9 stohovateln\u00e9 v\u011bci anebo skladovac\u00ed v\u011bci, kter\u00e9 jdou skl\u00e1dat na sebe. Tak\u00e9 cena za IBC kontejnery nen\u00ed v\u016fbec vysok\u00e1. Cena za prodej IBC kontejner\u016f se mi, zda opravdu velice p\u0159\u00edjemn\u00e1 a jsem r\u00e1da, \u017ee tohle mnoho lid\u00ed vyu\u017e\u00edv\u00e1, proto\u017ee je to velice praktick\u00e9. M\u016f\u017eete do toho d\u00e1t jak n\u011bjak\u00e9 v\u011bci nebo hra\u010dky, tak tak\u00e9 prom\u011bnliv\u00e9 potraviny.                                                                                                                                                                                                                                                                                                                                                                                           3.8\/5 - (11 votes)        "},{"@context":"https:\/\/schema.org\/","@type":"BreadcrumbList","itemListElement":[{"@type":"ListItem","position":1,"name":"\u00daschovna v\u011bc\u00ed","item":"https:\/\/www.al-riso.cz\/uschovna-veci\/#breadcrumbitem"}]}]