[{"@context":"https:\/\/schema.org\/","@type":"Article","@id":"https:\/\/www.al-riso.cz\/jak-zarit-a-byt-trendy-v-zime\/#Article","mainEntityOfPage":"https:\/\/www.al-riso.cz\/jak-zarit-a-byt-trendy-v-zime\/","headline":"Jak z\u00e1\u0159it a b\u00fdt trendy v zim\u011b","name":"Jak z\u00e1\u0159it a b\u00fdt trendy v zim\u011b","description":"Venku u\u017e to d\u00e1vno nen\u00ed na plavky, pomalu ani na ko\u017eenou bundi\u010dku. P\u0159ipravte se na n\u00e1sleduj\u00edc\u00ed zimu 2019\/2020 se stylem, pohodl\u00edm a hlavn\u011b bez mrznut\u00ed. V\u00a0tomto \u010dl\u00e1nku najdete p\u00e1r u\u017eite\u010dn\u00fdch tip\u016f, jak sestavit svou garderobu na zimn\u00ed m\u011bs\u00edce. Nezapom\u00ednejte v\u0161ak, \u017ee nejd\u016fle\u017eit\u011bj\u0161\u00ed je projevit svou osobitost a fantazii. P\u0159i koupi nov\u00e9ho kab\u00e1tu, bundy, svetr\u016f, \u010di [&hellip;]","datePublished":"2019-11-20","dateModified":"2023-05-04","author":{"@type":"Person","@id":"https:\/\/www.al-riso.cz\/author\/#Person","name":"","url":"https:\/\/www.al-riso.cz\/author\/","identifier":1,"image":{"@type":"ImageObject","@id":"https:\/\/secure.gravatar.com\/avatar\/4e6a74466e4227c12d5306875d08720cdfce3572213740db6f4a2e5e46e710ff?s=96&d=mm&r=g","url":"https:\/\/secure.gravatar.com\/avatar\/4e6a74466e4227c12d5306875d08720cdfce3572213740db6f4a2e5e46e710ff?s=96&d=mm&r=g","height":96,"width":96}},"publisher":{"@type":"Organization","name":"al-riso.cz","logo":{"@type":"ImageObject","@id":"\/logo.png","url":"\/logo.png","width":600,"height":60}},"image":{"@type":"ImageObject","@id":"https:\/\/www.al-riso.cz\/wp-content\/uploads\/img_a359120_w3267_t1573294475.jpg","url":"https:\/\/www.al-riso.cz\/wp-content\/uploads\/img_a359120_w3267_t1573294475.jpg","height":0,"width":0},"url":"https:\/\/www.al-riso.cz\/jak-zarit-a-byt-trendy-v-zime\/","about":["M\u00f3da"],"wordCount":430,"articleBody":"Venku u\u017e to d\u00e1vno nen\u00ed na plavky, pomalu ani na ko\u017eenou bundi\u010dku. P\u0159ipravte se na n\u00e1sleduj\u00edc\u00ed zimu 2019\/2020 se stylem, pohodl\u00edm a hlavn\u011b bez mrznut\u00ed. V\u00a0tomto \u010dl\u00e1nku najdete p\u00e1r u\u017eite\u010dn\u00fdch tip\u016f, jak sestavit svou garderobu na zimn\u00ed m\u011bs\u00edce. Nezapom\u00ednejte v\u0161ak, \u017ee nejd\u016fle\u017eit\u011bj\u0161\u00ed je projevit svou osobitost a fantazii.P\u0159i koupi nov\u00e9ho kab\u00e1tu, bundy, svetr\u016f, \u010di \u010dehokoliv jin\u00e9ho hledejte sp\u00ed\u0161e ve sv\u011btlej\u0161\u00edch barv\u00e1ch, nejl\u00e9pe do b\u00e9\u017eova, to je toti\u017e barva pro leto\u0161n\u00ed sez\u00f3nu. B\u00e9\u017eov\u00e1 je barva elegantn\u00ed, skoro ka\u017ed\u00e9 d\u00e1m\u011b slu\u0161\u00ed, zjem\u0148uje toti\u017e rysy a p\u016fsob\u00ed mile a n\u011b\u017en\u011b.Dal\u0161\u00edm hitem je jednozna\u010dn\u011b k\u00e1rovan\u00fd vzor. Nemus\u00edte si nutn\u011b po\u0159izovat cel\u00fd outfit z\u00a0t\u011bchto l\u00e1tek. Chcete p\u0159ece jenom vypadat jako \u017eena a ne jako univerzitn\u00ed profesor. Doporu\u010dujeme vyhledat pouze dopl\u0148ky, jako t\u0159eba teplou \u0161\u00e1lu tohoto vzoru, \u010depici, ozdobu do vlas\u016f, kabelku s\u00a0takovou aplikac\u00ed, nebo nap\u0159\u00edklad pun\u010doch\u00e1\u010de.Absolutn\u011b out je letos \u010dern\u00e1 barva, ale m\u016f\u017ee se bez \u010dern\u00fdch kousk\u016f v\u016fbec n\u011bkdo obej\u00edt? Zkuste ji alespo\u0148 trochu omezit, nebo kombinovat s\u00a0n\u011b\u010d\u00edm veselej\u0161\u00edm. Nebojte se hr\u00e1t si s\u00a0barvami. Nechte si mali\u010dkostmi o\u017eivit v\u00e1\u0161 look, jak ji\u017e bylo zm\u00edn\u011bno v\u00fd\u0161e u k\u00e1rovan\u00fdch vzor\u016f. Nejste-li toti\u017e jejich p\u0159\u00edznivcem, poohl\u00e9dn\u011bte se alespo\u0148 po netradi\u010dn\u00edch barv\u00e1ch pro dopl\u0148ky, jako t\u0159eba barva fuchsiov\u00e1, tyrkysov\u00e1, lososov\u00e1 apod.Co se t\u00fd\u010de bot, k\u00a0radosti v\u0161ech milovnic m\u00f3dy a z\u00e1rove\u0148 sv\u00e9ho zdrav\u00ed se letos soust\u0159ed\u00edme hlavn\u011b na teplo a pohodl\u00ed. Zapome\u0148te na semi\u0161ov\u00e9 koza\u010dky do p\u016fl l\u00fdtka bez platformy, kter\u00e9 akor\u00e1t opticky zkracuj\u00ed nohy, ty jsou toti\u017e kone\u010dn\u011b pas\u00e9. P\u0159i n\u00e1kupu boty vyb\u00edrejte bu\u010f mezi kotn\u00edkovou obuv\u00ed, nebo v\u00a0p\u0159\u00edpad\u011b koza\u010dek, a\u0165 jsou vysok\u00e9 alespo\u0148 ke kolen\u016fm. Pokud nejste zrovna fanynka vysok\u00fdch podpatk\u016f, nezoufejte, ale po\u0159i\u010fte si botky alespo\u0148 na tlust\u0161\u00ed platform\u011b. Nejen \u017ee V\u00e1m p\u0159idaj\u00ed i n\u011bjak\u00e9 ty centimetry nav\u00edc, ale tak\u00e9 V\u00e1m bude tepleji. Co se t\u00fd\u010de barvy, m\u016f\u017eete je op\u011bt sladit do b\u00e9\u017eova, nebo zapojit svou fantazii a hr\u00e1t si s\u00a0barvami. Vyhled\u00e1v\u00e1me obuv z\u00a0kvalitn\u00edho materi\u00e1lu a s\u00a0po\u0159\u00e1dnou vyst\u00fdlkou.                                                                                                                                                                                                                                                                                                                                                                                        4.5\/5 - (4 votes)        "},{"@context":"https:\/\/schema.org\/","@type":"BreadcrumbList","itemListElement":[{"@type":"ListItem","position":1,"name":"Jak z\u00e1\u0159it a b\u00fdt trendy v zim\u011b","item":"https:\/\/www.al-riso.cz\/jak-zarit-a-byt-trendy-v-zime\/#breadcrumbitem"}]}]